{"id":22,"date":"2016-01-14T03:06:21","date_gmt":"2016-01-14T02:06:21","guid":{"rendered":"http:\/\/asclassic.fr\/?p=22"},"modified":"2016-01-14T03:06:21","modified_gmt":"2016-01-14T02:06:21","slug":"restauration-facel-vega","status":"publish","type":"post","link":"https:\/\/www.asclassic.fr\/index.php\/2016\/01\/14\/restauration-facel-vega\/","title":{"rendered":"Restauration Facel Vega"},"content":{"rendered":"<p>la restauration compl\u00e8te d&rsquo;une Facel Vega &#8230; de 19.. est un travail long, minutieux et qui demande une attention de tous le instants. AS Classic a restaur\u00e9 depuis sa cr\u00e9ation de nombreux mod\u00e8les de Facel Vega.<\/p>\n","protected":false},"excerpt":{"rendered":"<p>la restauration compl\u00e8te d&rsquo;une Facel Vega &#8230; de 19.. est un travail long, minutieux et qui demande une attention de tous le instants. AS Classic a restaur\u00e9 depuis sa cr\u00e9ation de nombreux mod\u00e8les de Facel Vega.<\/p>\n","protected":false},"author":1,"featured_media":0,"comment_status":"open","ping_status":"open","sticky":false,"template":"","format":"standard","meta":{"footnotes":""},"categories":[7],"tags":[],"yoast_head":"<!-- This site is optimized with the Yoast SEO plugin v21.7 - https:\/\/yoast.com\/wordpress\/plugins\/seo\/ -->\n<title>Restauration Facel Vega - AS Classic Engineering - Automobile ancienne et comp\u00e9tition<\/title>\n<meta name=\"robots\" content=\"index, follow, max-snippet:-1, max-image-preview:large, max-video-preview:-1\" \/>\n<link rel=\"canonical\" href=\"https:\/\/www.asclassic.fr\/index.php\/2016\/01\/14\/restauration-facel-vega\/\" \/>\n<meta property=\"og:locale\" content=\"fr_FR\" \/>\n<meta property=\"og:type\" content=\"article\" \/>\n<meta property=\"og:title\" content=\"Restauration Facel Vega - AS Classic Engineering - Automobile ancienne et comp\u00e9tition\" \/>\n<meta property=\"og:description\" content=\"la restauration compl\u00e8te d&rsquo;une Facel Vega &#8230; de 19.. est un travail long, minutieux et qui demande une attention de tous le instants. AS Classic a restaur\u00e9 depuis sa cr\u00e9ation de nombreux mod\u00e8les de Facel Vega.\" \/>\n<meta property=\"og:url\" content=\"https:\/\/www.asclassic.fr\/index.php\/2016\/01\/14\/restauration-facel-vega\/\" \/>\n<meta property=\"og:site_name\" content=\"AS Classic Engineering - Automobile ancienne et comp\u00e9tition\" \/>\n<meta property=\"article:published_time\" content=\"2016-01-14T02:06:21+00:00\" \/>\n<meta name=\"author\" content=\"AS Classic\" \/>\n<meta name=\"twitter:card\" content=\"summary_large_image\" \/>\n<meta name=\"twitter:label1\" content=\"\u00c9crit par\" \/>\n\t<meta name=\"twitter:data1\" content=\"AS Classic\" \/>\n<script type=\"application\/ld+json\" class=\"yoast-schema-graph\">{\"@context\":\"https:\/\/schema.org\",\"@graph\":[{\"@type\":\"Article\",\"@id\":\"https:\/\/www.asclassic.fr\/index.php\/2016\/01\/14\/restauration-facel-vega\/#article\",\"isPartOf\":{\"@id\":\"https:\/\/www.asclassic.fr\/index.php\/2016\/01\/14\/restauration-facel-vega\/\"},\"author\":{\"name\":\"AS Classic\",\"@id\":\"https:\/\/www.asclassic.fr\/#\/schema\/person\/af019596fb632208be8e2fb97b3d141b\"},\"headline\":\"Restauration Facel Vega\",\"datePublished\":\"2016-01-14T02:06:21+00:00\",\"dateModified\":\"2016-01-14T02:06:21+00:00\",\"mainEntityOfPage\":{\"@id\":\"https:\/\/www.asclassic.fr\/index.php\/2016\/01\/14\/restauration-facel-vega\/\"},\"wordCount\":40,\"commentCount\":0,\"publisher\":{\"@id\":\"https:\/\/www.asclassic.fr\/#organization\"},\"articleSection\":[\"Restauration compl\u00e9te\"],\"inLanguage\":\"fr-FR\"},{\"@type\":\"WebPage\",\"@id\":\"https:\/\/www.asclassic.fr\/index.php\/2016\/01\/14\/restauration-facel-vega\/\",\"url\":\"https:\/\/www.asclassic.fr\/index.php\/2016\/01\/14\/restauration-facel-vega\/\",\"name\":\"Restauration Facel Vega - AS Classic Engineering - Automobile ancienne et comp\u00e9tition\",\"isPartOf\":{\"@id\":\"https:\/\/www.asclassic.fr\/#website\"},\"datePublished\":\"2016-01-14T02:06:21+00:00\",\"dateModified\":\"2016-01-14T02:06:21+00:00\",\"breadcrumb\":{\"@id\":\"https:\/\/www.asclassic.fr\/index.php\/2016\/01\/14\/restauration-facel-vega\/#breadcrumb\"},\"inLanguage\":\"fr-FR\",\"potentialAction\":[{\"@type\":\"ReadAction\",\"target\":[\"https:\/\/www.asclassic.fr\/index.php\/2016\/01\/14\/restauration-facel-vega\/\"]}]},{\"@type\":\"BreadcrumbList\",\"@id\":\"https:\/\/www.asclassic.fr\/index.php\/2016\/01\/14\/restauration-facel-vega\/#breadcrumb\",\"itemListElement\":[{\"@type\":\"ListItem\",\"position\":1,\"name\":\"Accueil\",\"item\":\"https:\/\/www.asclassic.fr\/\"},{\"@type\":\"ListItem\",\"position\":2,\"name\":\"Restauration Facel Vega\"}]},{\"@type\":\"WebSite\",\"@id\":\"https:\/\/www.asclassic.fr\/#website\",\"url\":\"https:\/\/www.asclassic.fr\/\",\"name\":\"AS Classic Engineering - Automobile ancienne et comp\u00e9tition\",\"description\":\"\",\"publisher\":{\"@id\":\"https:\/\/www.asclassic.fr\/#organization\"},\"potentialAction\":[{\"@type\":\"SearchAction\",\"target\":{\"@type\":\"EntryPoint\",\"urlTemplate\":\"https:\/\/www.asclassic.fr\/?s={search_term_string}\"},\"query-input\":\"required name=search_term_string\"}],\"inLanguage\":\"fr-FR\"},{\"@type\":\"Organization\",\"@id\":\"https:\/\/www.asclassic.fr\/#organization\",\"name\":\"AS Classic Engineering - Automobile ancienne et comp\u00e9tition\",\"url\":\"https:\/\/www.asclassic.fr\/\",\"logo\":{\"@type\":\"ImageObject\",\"inLanguage\":\"fr-FR\",\"@id\":\"https:\/\/www.asclassic.fr\/#\/schema\/logo\/image\/\",\"url\":\"https:\/\/i0.wp.com\/www.asclassic.fr\/wp-content\/uploads\/2018\/02\/cropped-Sans-titre-1.png?fit=851%2C191&ssl=1\",\"contentUrl\":\"https:\/\/i0.wp.com\/www.asclassic.fr\/wp-content\/uploads\/2018\/02\/cropped-Sans-titre-1.png?fit=851%2C191&ssl=1\",\"width\":851,\"height\":191,\"caption\":\"AS Classic Engineering - Automobile ancienne et comp\u00e9tition\"},\"image\":{\"@id\":\"https:\/\/www.asclassic.fr\/#\/schema\/logo\/image\/\"}},{\"@type\":\"Person\",\"@id\":\"https:\/\/www.asclassic.fr\/#\/schema\/person\/af019596fb632208be8e2fb97b3d141b\",\"name\":\"AS Classic\",\"image\":{\"@type\":\"ImageObject\",\"inLanguage\":\"fr-FR\",\"@id\":\"https:\/\/www.asclassic.fr\/#\/schema\/person\/image\/\",\"url\":\"https:\/\/secure.gravatar.com\/avatar\/de1b8730094f8b62298007eba0e6e128?s=96&d=mm&r=g\",\"contentUrl\":\"https:\/\/secure.gravatar.com\/avatar\/de1b8730094f8b62298007eba0e6e128?s=96&d=mm&r=g\",\"caption\":\"AS Classic\"},\"sameAs\":[\"http:\/\/www.asclassic.fr\"],\"url\":\"https:\/\/www.asclassic.fr\/index.php\/author\/admin7151\/\"}]}<\/script>\n<!-- \/ Yoast SEO plugin. -->","yoast_head_json":{"title":"Restauration Facel Vega - AS Classic Engineering - Automobile ancienne et comp\u00e9tition","robots":{"index":"index","follow":"follow","max-snippet":"max-snippet:-1","max-image-preview":"max-image-preview:large","max-video-preview":"max-video-preview:-1"},"canonical":"https:\/\/www.asclassic.fr\/index.php\/2016\/01\/14\/restauration-facel-vega\/","og_locale":"fr_FR","og_type":"article","og_title":"Restauration Facel Vega - AS Classic Engineering - Automobile ancienne et comp\u00e9tition","og_description":"la restauration compl\u00e8te d&rsquo;une Facel Vega &#8230; de 19.. est un travail long, minutieux et qui demande une attention de tous le instants. AS Classic a restaur\u00e9 depuis sa cr\u00e9ation de nombreux mod\u00e8les de Facel Vega.","og_url":"https:\/\/www.asclassic.fr\/index.php\/2016\/01\/14\/restauration-facel-vega\/","og_site_name":"AS Classic Engineering - Automobile ancienne et comp\u00e9tition","article_published_time":"2016-01-14T02:06:21+00:00","author":"AS Classic","twitter_card":"summary_large_image","twitter_misc":{"\u00c9crit par":"AS Classic"},"schema":{"@context":"https:\/\/schema.org","@graph":[{"@type":"Article","@id":"https:\/\/www.asclassic.fr\/index.php\/2016\/01\/14\/restauration-facel-vega\/#article","isPartOf":{"@id":"https:\/\/www.asclassic.fr\/index.php\/2016\/01\/14\/restauration-facel-vega\/"},"author":{"name":"AS Classic","@id":"https:\/\/www.asclassic.fr\/#\/schema\/person\/af019596fb632208be8e2fb97b3d141b"},"headline":"Restauration Facel Vega","datePublished":"2016-01-14T02:06:21+00:00","dateModified":"2016-01-14T02:06:21+00:00","mainEntityOfPage":{"@id":"https:\/\/www.asclassic.fr\/index.php\/2016\/01\/14\/restauration-facel-vega\/"},"wordCount":40,"commentCount":0,"publisher":{"@id":"https:\/\/www.asclassic.fr\/#organization"},"articleSection":["Restauration compl\u00e9te"],"inLanguage":"fr-FR"},{"@type":"WebPage","@id":"https:\/\/www.asclassic.fr\/index.php\/2016\/01\/14\/restauration-facel-vega\/","url":"https:\/\/www.asclassic.fr\/index.php\/2016\/01\/14\/restauration-facel-vega\/","name":"Restauration Facel Vega - AS Classic Engineering - Automobile ancienne et comp\u00e9tition","isPartOf":{"@id":"https:\/\/www.asclassic.fr\/#website"},"datePublished":"2016-01-14T02:06:21+00:00","dateModified":"2016-01-14T02:06:21+00:00","breadcrumb":{"@id":"https:\/\/www.asclassic.fr\/index.php\/2016\/01\/14\/restauration-facel-vega\/#breadcrumb"},"inLanguage":"fr-FR","potentialAction":[{"@type":"ReadAction","target":["https:\/\/www.asclassic.fr\/index.php\/2016\/01\/14\/restauration-facel-vega\/"]}]},{"@type":"BreadcrumbList","@id":"https:\/\/www.asclassic.fr\/index.php\/2016\/01\/14\/restauration-facel-vega\/#breadcrumb","itemListElement":[{"@type":"ListItem","position":1,"name":"Accueil","item":"https:\/\/www.asclassic.fr\/"},{"@type":"ListItem","position":2,"name":"Restauration Facel Vega"}]},{"@type":"WebSite","@id":"https:\/\/www.asclassic.fr\/#website","url":"https:\/\/www.asclassic.fr\/","name":"AS Classic Engineering - Automobile ancienne et comp\u00e9tition","description":"","publisher":{"@id":"https:\/\/www.asclassic.fr\/#organization"},"potentialAction":[{"@type":"SearchAction","target":{"@type":"EntryPoint","urlTemplate":"https:\/\/www.asclassic.fr\/?s={search_term_string}"},"query-input":"required name=search_term_string"}],"inLanguage":"fr-FR"},{"@type":"Organization","@id":"https:\/\/www.asclassic.fr\/#organization","name":"AS Classic Engineering - Automobile ancienne et comp\u00e9tition","url":"https:\/\/www.asclassic.fr\/","logo":{"@type":"ImageObject","inLanguage":"fr-FR","@id":"https:\/\/www.asclassic.fr\/#\/schema\/logo\/image\/","url":"https:\/\/i0.wp.com\/www.asclassic.fr\/wp-content\/uploads\/2018\/02\/cropped-Sans-titre-1.png?fit=851%2C191&ssl=1","contentUrl":"https:\/\/i0.wp.com\/www.asclassic.fr\/wp-content\/uploads\/2018\/02\/cropped-Sans-titre-1.png?fit=851%2C191&ssl=1","width":851,"height":191,"caption":"AS Classic Engineering - Automobile ancienne et comp\u00e9tition"},"image":{"@id":"https:\/\/www.asclassic.fr\/#\/schema\/logo\/image\/"}},{"@type":"Person","@id":"https:\/\/www.asclassic.fr\/#\/schema\/person\/af019596fb632208be8e2fb97b3d141b","name":"AS Classic","image":{"@type":"ImageObject","inLanguage":"fr-FR","@id":"https:\/\/www.asclassic.fr\/#\/schema\/person\/image\/","url":"https:\/\/secure.gravatar.com\/avatar\/de1b8730094f8b62298007eba0e6e128?s=96&d=mm&r=g","contentUrl":"https:\/\/secure.gravatar.com\/avatar\/de1b8730094f8b62298007eba0e6e128?s=96&d=mm&r=g","caption":"AS Classic"},"sameAs":["http:\/\/www.asclassic.fr"],"url":"https:\/\/www.asclassic.fr\/index.php\/author\/admin7151\/"}]}},"jetpack_sharing_enabled":true,"jetpack_featured_media_url":"","_links":{"self":[{"href":"https:\/\/www.asclassic.fr\/index.php\/wp-json\/wp\/v2\/posts\/22"}],"collection":[{"href":"https:\/\/www.asclassic.fr\/index.php\/wp-json\/wp\/v2\/posts"}],"about":[{"href":"https:\/\/www.asclassic.fr\/index.php\/wp-json\/wp\/v2\/types\/post"}],"author":[{"embeddable":true,"href":"https:\/\/www.asclassic.fr\/index.php\/wp-json\/wp\/v2\/users\/1"}],"replies":[{"embeddable":true,"href":"https:\/\/www.asclassic.fr\/index.php\/wp-json\/wp\/v2\/comments?post=22"}],"version-history":[{"count":2,"href":"https:\/\/www.asclassic.fr\/index.php\/wp-json\/wp\/v2\/posts\/22\/revisions"}],"predecessor-version":[{"id":24,"href":"https:\/\/www.asclassic.fr\/index.php\/wp-json\/wp\/v2\/posts\/22\/revisions\/24"}],"wp:attachment":[{"href":"https:\/\/www.asclassic.fr\/index.php\/wp-json\/wp\/v2\/media?parent=22"}],"wp:term":[{"taxonomy":"category","embeddable":true,"href":"https:\/\/www.asclassic.fr\/index.php\/wp-json\/wp\/v2\/categories?post=22"},{"taxonomy":"post_tag","embeddable":true,"href":"https:\/\/www.asclassic.fr\/index.php\/wp-json\/wp\/v2\/tags?post=22"}],"curies":[{"name":"wp","href":"https:\/\/api.w.org\/{rel}","templated":true}]}}